[{"@context":"https:\/\/schema.org\/","@type":"Article","@id":"https:\/\/www.deson.sk\/teplo-teplejsie-najteplejsie\/#Article","mainEntityOfPage":"https:\/\/www.deson.sk\/teplo-teplejsie-najteplejsie\/","headline":"Teplo, teplej\u0161ie, najteplej\u0161ie","name":"Teplo, teplej\u0161ie, najteplej\u0161ie","description":"Existuje mnoho materi\u00e1lov, ktor\u00e9 v\u00fdrobcovia pou\u017e\u00edvaj\u00fa na v\u00fdrobu prikr\u00fdvok, diek, \u010di prehozov cez poste\u013e. No len jeden z nich.","datePublished":"2025-10-12","dateModified":"2025-10-12","author":{"@type":"Person","@id":"https:\/\/www.deson.sk\/author\/devene\/#Person","name":"devene","url":"https:\/\/www.deson.sk\/author\/devene\/","identifier":1,"image":{"@type":"ImageObject","@id":"https:\/\/secure.gravatar.com\/avatar\/75822ebcb33f26a58f54da5d813b950f2ea435f36540e293975e215a51d4a023?s=96&d=mm&r=g","url":"https:\/\/secure.gravatar.com\/avatar\/75822ebcb33f26a58f54da5d813b950f2ea435f36540e293975e215a51d4a023?s=96&d=mm&r=g","height":96,"width":96}},"publisher":{"@type":"Organization","name":"deson.sk","logo":{"@type":"ImageObject","@id":"\/logo.png","url":"\/logo.png","width":600,"height":60}},"image":{"@type":"ImageObject","@id":"https:\/\/www.deson.sk\/wp-content\/uploads\/deka%20na%20gau%C4%8Di.jpg","url":"https:\/\/www.deson.sk\/wp-content\/uploads\/deka%20na%20gau%C4%8Di.jpg","height":0,"width":0},"url":"https:\/\/www.deson.sk\/teplo-teplejsie-najteplejsie\/","about":["V\u00fdrobky"],"wordCount":402,"articleBody":"      Existuje mnoho materi\u00e1lov, ktor\u00e9 v\u00fdrobcovia pou\u017e\u00edvaj\u00fa na v\u00fdrobu prikr\u00fdvok, diek, \u010di prehozov cez poste\u013e. No len jeden z nich je najob\u013e\u00fabenej\u0161\u00ed v\u010faka svojej praktickosti a multifunk\u010dnosti \u2013 uh\u00e1dnete ktor\u00fd? Ak je Va\u0161a odpove\u010f ov\u010dia vlna, m\u00e1te pravdu na celej \u010diare. S\u00fa to pr\u00e1ve v\u00fdrobky z ov\u010dej vlny, ktor\u00e9 nenahrad\u00ed \u017eiadny in\u00fd materi\u00e1l pr\u00e1ve ktor\u00fd vlastnostiam, ktor\u00fd tento v\u00fdnimo\u010dn\u00fd pr\u00edrodn\u00fd materi\u00e1l m\u00e1. Teplo v zime, neza\u0165a\u017euj\u00faci pocit v zime je v\u00fdhrou pre t\u00fdch, ktor\u00fd musia by\u0165 aj v teplej\u0161\u00edch d\u0148och zakryt\u00fd, no nemaj\u00fa radi pocit \u00famornej hor\u00fa\u010davy a zbyto\u010dn\u00e9 potenie sa. Najm\u00e4 \u017eeny a diev\u010dat\u00e1 sa aj pri oddychu v teplej\u0161\u00edch d\u0148och radi zakr\u00fdvaj\u00fa \u2013 a s\u00fa to deky z ov\u010dieho r\u00fana Koze.sk, ktor\u00e9 im t\u00fato slu\u017ebu stopercentne splnia, dodaj\u00fa pocit v\u00fdnimo\u010dn\u00e9ho zababu\u0161enia sa bez zbyto\u010dn\u00e9ho prehrievania. Ov\u010dia vlna je tu s nami od prad\u00e1vna, nako\u013eko u\u017e na\u0161i predkovia vedeli, ak\u00fd je tento materi\u00e1l skvel\u00fd. Evidentne mali pravdu, preto\u017ee v\u00fdrobky z ov\u010dej vlny sa aj po desa\u0165ro\u010diach te\u0161ia ve\u013ekej ob\u013eube a ich komfort si radi vychutn\u00e1vaj\u00fa v\u0161etky vekov\u00e9ho kateg\u00f3rie oboch pohlav\u00ed. M\u00e4kkos\u0165, jemnos\u0165 a teplo oce\u0148uj\u00fa t\u00ed zimomrav\u00ed, ktor\u00ed sa u\u017e pri men\u0161om ochladen\u00ed potrebuj\u00fa zakry\u0165 od hlavy po p\u00e4ty. V\u00fdrobky z ov\u010dieho r\u00fana s\u00fa v\u00fdnimo\u010dn\u00fdmi dar\u010dekmi k sviatkom pre Va\u0161ich najbli\u017e\u0161\u00edch, preto\u017ee ich praktickos\u0165 a vyu\u017eite\u013enos\u0165 ocen\u00ed skuto\u010dne ka\u017ed\u00fd. M\u00e1me pre V\u00e1s nachystan\u00e9 r\u00f4zne mot\u00edvy a ve\u013ekosti a \u010do pote\u0161\u00ed najm\u00e4 rodi\u010dov \u2013 mysleli sme aj na t\u00fdch najmen\u0161\u00edch, na ktor\u00fdch d\u00e1vame obzvl\u00e1\u0161\u0165  http:\/\/veda-a-technika.eurozpravy.cz\/veda\/207454-proc-vymreli-mamuti-byli-hloupi-tvrdi-vedci-a-samci-obzvlast\/ pozor a db\u00e1me na to, aby boli aj v zime v komfortnom teple bez ohrozenia zachladnutia. Nemus\u00edte sa tak viac b\u00e1\u0165, \u010di je V\u00e1\u0161mu die\u0165atku zima, kvalitn\u00e1 prepracovan\u00e1 deka z ov\u010dej vlny sa o komfort V\u00e1\u0161ho potomka dokonalo postar\u00e1. \u010co na to poviete? Verte, \u017ee ke\u010f raz vysk\u00fa\u0161ate, neo\u013eutujete, mo\u017eno akur\u00e1t to, \u017ee ste u\u017e sk\u00f4r neposunuli V\u00e1\u0161 relax na nov\u00fa pr\u00edjemnej\u0161iu \u00farove\u0148.                                                                                                                                                                                                                                                                                                                                                                                                   "},{"@context":"https:\/\/schema.org\/","@type":"BreadcrumbList","itemListElement":[{"@type":"ListItem","position":1,"name":"Teplo, teplej\u0161ie, najteplej\u0161ie","item":"https:\/\/www.deson.sk\/teplo-teplejsie-najteplejsie\/#breadcrumbitem"}]}]