[{"@context":"https:\/\/schema.org\/","@type":"Article","@id":"https:\/\/www.deson.sk\/nebojte-sa-kombinovat\/#Article","mainEntityOfPage":"https:\/\/www.deson.sk\/nebojte-sa-kombinovat\/","headline":"Nebojte sa kombinova\u0165","name":"Nebojte sa kombinova\u0165","description":"Ob\u010das \u013eudia v\u00f4bec nevedia, ako by mali http:\/\/www.msmt.cz\/vzdelavani\/vysoke-skolstvi\/zaklad-pro-stanoveni-poplatku-spojenych-se-studiem-6 doplni\u0165 a vylep\u0161i\u0165 svoj outfit. Niekedy je to jednoduch\u0161ie, ako by.","datePublished":"2019-03-06","dateModified":"2019-03-06","author":{"@type":"Person","@id":"https:\/\/www.deson.sk\/author\/devene\/#Person","name":"devene","url":"https:\/\/www.deson.sk\/author\/devene\/","identifier":1,"image":{"@type":"ImageObject","@id":"https:\/\/secure.gravatar.com\/avatar\/75822ebcb33f26a58f54da5d813b950f2ea435f36540e293975e215a51d4a023?s=96&d=mm&r=g","url":"https:\/\/secure.gravatar.com\/avatar\/75822ebcb33f26a58f54da5d813b950f2ea435f36540e293975e215a51d4a023?s=96&d=mm&r=g","height":96,"width":96}},"publisher":{"@type":"Organization","name":"deson.sk","logo":{"@type":"ImageObject","@id":"\/logo.png","url":"\/logo.png","width":600,"height":60}},"image":{"@type":"ImageObject","@id":"https:\/\/www.deson.sk\/wp-content\/uploads\/img_a299704_w16546_t1556191309.jpg","url":"https:\/\/www.deson.sk\/wp-content\/uploads\/img_a299704_w16546_t1556191309.jpg","height":0,"width":0},"url":"https:\/\/www.deson.sk\/nebojte-sa-kombinovat\/","wordCount":429,"articleBody":"   Ob\u010das \u013eudia v\u00f4bec nevedia, ako by mali  http:\/\/www.msmt.cz\/vzdelavani\/vysoke-skolstvi\/zaklad-pro-stanoveni-poplatku-spojenych-se-studiem-6 doplni\u0165 a vylep\u0161i\u0165 svoj outfit. Niekedy je to jednoduch\u0161ie, ako by ste si kedy mysleli a niekedy to a\u017e tak\u00e9 jednoduch\u00e9 nie je, ale to e\u0161te st\u00e1le neznamen\u00e1, \u017ee s t\u00fdm nem\u00f4\u017eete urobi\u0165 nie\u010do d\u00f4le\u017eit\u00e9. Preto\u017ee aj ke\u010f sa budete ve\u013emi, ale skuto\u010dne ve\u013emi sna\u017ei\u0165, veci mus\u00edte ob\u010das posun\u00fa\u0165 sami, preto\u017ee inak to proste nejde, to je jasn\u00e9. A ke\u010f chcete, aby to \u0161lo, je jasn\u00e9, \u010do mus\u00edte urobi\u0165. Av\u0161ak, v\u0161etko v r\u00e1mci normy. Nemali by ste to preh\u00e1\u0148a\u0165 ani so \u0161perkami a ani s \u010fal\u0161\u00edmi vecami, ktor\u00e9 s\u00fa mo\u017eno pod\u013ea v\u00e1s vhodn\u00e9. Ak neviete, ako spr\u00e1vne kombinova\u0165, rad\u0161ej sa pora\u010fte.  POZOR NA VE\u013dA \u0160PERKOV \u0160perky ur\u010dite nie s\u00fa nie\u010do, \u010do by v\u00e1s malo desi\u0165, ale aj ke\u010f to pre v\u00e1s nie je nie\u010do, \u010do v\u00e1s m\u00f4\u017ee posun\u00fa\u0165 \u010falej, nakoniec ste to vy sami, kto m\u00f4\u017ee by\u0165 rozhodnut\u00fd a kto to m\u00f4\u017ee naozaj myslie\u0165 viac, ne\u017e len v\u00e1\u017ene. V\u0161etko by malo by\u0165 d\u00f4le\u017eit\u00e9 a jasn\u00e9, no hoci sa v\u00e1m to nezd\u00e1, nakoniec sa proste mus\u00edte poriadne zamyslie\u0165 nad t\u00fdm, ako sa na veci pozrie\u0165 re\u00e1lne a \u010do v\u0161etko m\u00f4\u017eete vidie\u0165 vo svojich rozhodnutiach. Verte tomu, \u017ee toto v\u00e1s m\u00f4\u017ee niekam posun\u00fa\u0165, nech urob\u00edte \u010doko\u013evek.  Ak chcete veci vylep\u0161i\u0165 tak,a by sa v prvom rade p\u00e1\u010dili v\u00e1m, je jasn\u00e9, \u017ee by ste mali by\u0165 spokojn\u00e1 so svoj\u00edm outfitom a s t\u00fdm s\u00favis\u00ed aj to, aby spolu veci proste ladili. Vtedy m\u00f4\u017eete by\u0165 na seba hrd\u00fd, preto\u017ee ke\u010f sa rozhodnete napr\u00edklad pre nausnice strieborne, tak t\u00fdm v\u00f4bec ni\u010d nepokaz\u00edte, len keby ste ve\u013emi chceli. V\u0161etko mus\u00ed by\u0165 decentn\u00e9 a je jasn\u00e9, \u017ee potom sa m\u00f4\u017eete zam\u00fd\u0161\u013ea\u0165 aj nad \u010fal\u0161\u00edmi vecami, ktor\u00e9 by v\u00e1s mohli posun\u00fa\u0165 presne tam, kam by ste chceli \u00eds\u0165, no nie? Tak ne\u010dakajte na to, \u017ee v\u00e1m nie\u010do spadne do lona, ale sami si to zoberte. Toto bude pre v\u00e1s z\u00e1klad v\u0161etk\u00e9ho, m\u00f4\u017eete si by\u0165 ist\u00e1. Potom pochop\u00edte aj to, \u017ee v\u0161etky veci s\u00fa presne dokonal\u00e9. A nakoniec to m\u00f4\u017ee by\u0165 nie\u010do e\u0161te lep\u0161ie, no nie?                                                                                                                                                                                                                                                                                                                                                                                                  "},{"@context":"https:\/\/schema.org\/","@type":"BreadcrumbList","itemListElement":[{"@type":"ListItem","position":1,"name":"Nebojte sa kombinova\u0165","item":"https:\/\/www.deson.sk\/nebojte-sa-kombinovat\/#breadcrumbitem"}]}]