[{"@context":"https:\/\/schema.org\/","@type":"Article","@id":"https:\/\/www.deson.sk\/kto-sa-vozi-na-kolobezkach\/#Article","mainEntityOfPage":"https:\/\/www.deson.sk\/kto-sa-vozi-na-kolobezkach\/","headline":"Kto sa voz\u00ed na kolobe\u017ek\u00e1ch?","name":"Kto sa voz\u00ed na kolobe\u017ek\u00e1ch?","description":"Elektrick\u00e9 kolobe\u017eky s\u00fa ve\u013ek\u00fd nezmysel. Ja viem, \u017ee ich na prepravu pou\u017e\u00edva mnoho \u0161tudentov, ktor\u00ed sa potrebuj\u00fa r\u00fdchlo presun\u00fa\u0165.","datePublished":"2024-03-16","dateModified":"2024-07-16","author":{"@type":"Person","@id":"https:\/\/www.deson.sk\/author\/devene\/#Person","name":"devene","url":"https:\/\/www.deson.sk\/author\/devene\/","identifier":1,"image":{"@type":"ImageObject","@id":"https:\/\/secure.gravatar.com\/avatar\/75822ebcb33f26a58f54da5d813b950f2ea435f36540e293975e215a51d4a023?s=96&d=mm&r=g","url":"https:\/\/secure.gravatar.com\/avatar\/75822ebcb33f26a58f54da5d813b950f2ea435f36540e293975e215a51d4a023?s=96&d=mm&r=g","height":96,"width":96}},"publisher":{"@type":"Organization","name":"deson.sk","logo":{"@type":"ImageObject","@id":"\/logo.png","url":"\/logo.png","width":600,"height":60}},"image":{"@type":"ImageObject","@id":"https:\/\/www.deson.sk\/wp-content\/uploads\/woman-7381889_640.jpg","url":"https:\/\/www.deson.sk\/wp-content\/uploads\/woman-7381889_640.jpg","height":0,"width":0},"url":"https:\/\/www.deson.sk\/kto-sa-vozi-na-kolobezkach\/","about":["Moto"],"wordCount":410,"articleBody":"Elektrick\u00e9 kolobe\u017eky s\u00fa ve\u013ek\u00fd nezmysel. Ja viem, \u017ee ich na prepravu pou\u017e\u00edva mnoho \u0161tudentov, ktor\u00ed sa potrebuj\u00fa r\u00fdchlo presun\u00fa\u0165 z\u00a0jedn\u00e9ho konca mesta na ten druh\u00fd koniec. Av\u0161ak, jazdia na nich neprimeranou r\u00fdchlos\u0165ou. Mnoh\u00ed ani len nenosia \u017eiadne bezpe\u010dnostn\u00e9 doplnky, ak\u00fdm je ur\u010dite prilba. Prilba by chr\u00e1nila pri kol\u00edzii, \u010di u\u017e s\u00a0autom, s\u00a0chodcom alebo s\u00a0in\u00fdmi cyklistami. Elektrick\u00e9 kolobe\u017eky s\u00fa ako epid\u00e9miou v\u00a0mnoh\u00fdch mest\u00e1ch. S\u00fa toti\u017e dostupn\u00e9 na r\u00f4znych miestach. Vyskytuj\u00fa sa aj tam, kde by nemali. Ve\u013eakr\u00e1t ste museli obieha\u0165 elektrick\u00fa kolobe\u017eku, ktor\u00e1 st\u00e1la uprostred chodn\u00edka a\u00a0vy ste ved\u013ea nej nevedeli prejs\u0165? S\u00a0t\u00fdmto probl\u00e9mom sa stret\u00e1va mnoho mami\u010diek s\u00a0ko\u010d\u00edkmi. S\u00a0ko\u010d\u00edkom potom musia vyjs\u0165 na cestn\u00fa komunik\u00e1ciu, \u010d\u00edm ohrozuj\u00fa \u017eivot svojho die\u0165atka. Je to ve\u013emi nebezpe\u010dn\u00e9 a\u00a0nepraktick\u00e9. Ko\u010d\u00edk nie je zvy\u010dajne pr\u00edli\u0161 \u013eahk\u00fd a\u00a0jeho v\u00e1hu sp\u00f4sobuje nielen samotn\u00fd ko\u010d\u00edk, ale aj v\u00e1ha die\u0165atka. Deti rast\u00fa a\u00a0s\u00fa \u010doraz \u0165a\u017e\u0161ie.\u00a0Ak je potrebn\u00e1 prilba na bicykel, pre\u010do to e\u0161te nevymysleli tak, \u017ee by bola nutn\u00e1 aj na jazdu na elektrick\u00fdch kolobe\u017ek\u00e1ch? Ve\u013emi r\u00fdchlo by pri\u0161li o\u00a0peniaze. Mestsk\u00e9 elektrick\u00e9 kolobe\u017eky s\u00fa spoplatnen\u00e9. Mus\u00edte si zaplati\u0165 za to, \u017ee sa na elektrickej kolobe\u017eke odveziete. Niekedy by bol jednoduch\u0161\u00ed a\u00a0lacnej\u0161\u00ed sp\u00f4sob, \u017ee si zavol\u00e1te tax\u00edk. Je to aj omnoho pohodlnej\u0161ie, no museli by ste r\u00e1ta\u0165 s\u00a0t\u00fdm, \u017ee pr\u00edchod tax\u00edka m\u00f4\u017ee by\u0165 v\u00a0r\u00f4znom \u010dasovom \u00faseku. Niekedy k\u00a0v\u00e1m pr\u00edde tax\u00edk za p\u00e1r min\u00fat a\u00a0niekedy \u010dak\u00e1te aj p\u00e4tn\u00e1s\u0165 min\u00fat, \u010do nie je pr\u00e1ve ide\u00e1lny \u010das na to, \u017ee sa m\u00e1te niekde dosta\u0165 v\u00a0ur\u010dit\u00fd \u010das.\u00a0Boli by ste za to, aby sa na elektrick\u00fdch kolobe\u017ek\u00e1ch mohli vozi\u0165 len \u013eudia, ktor\u00ed maj\u00fa pri sebe vodi\u010dsk\u00fd preukaz? Bolo by to omnoho bezpe\u010dnej\u0161ie, preto\u017ee ten, kto z\u00edskal vodi\u010dsk\u00fd preukaz, mus\u00ed ma\u0165 aj vedomosti o\u00a0r\u00f4znych dopravn\u00fdch zna\u010dk\u00e1ch aj o\u00a0sp\u00f4sobe jazdy na cestnej komunik\u00e1cii. Ka\u017ed\u00e9 jazdenie na r\u00f4znych dopravn\u00fdch prostriedkoch si vy\u017eaduje ur\u010dit\u00e9 znalosti a\u00a0sk\u00fasenosti.                                                                                                                                                                                                                                                                                                                                                                                                "},{"@context":"https:\/\/schema.org\/","@type":"BreadcrumbList","itemListElement":[{"@type":"ListItem","position":1,"name":"Kto sa voz\u00ed na kolobe\u017ek\u00e1ch?","item":"https:\/\/www.deson.sk\/kto-sa-vozi-na-kolobezkach\/#breadcrumbitem"}]}]