[{"@context":"https:\/\/schema.org\/","@type":"Article","@id":"https:\/\/www.deson.sk\/generikum-ako-darcek-ano-ci-nie\/#Article","mainEntityOfPage":"https:\/\/www.deson.sk\/generikum-ako-darcek-ano-ci-nie\/","headline":"Generikum ako dar\u010dek &#8211; \u00e1no \u010di nie?","name":"Generikum ako dar\u010dek &#8211; \u00e1no \u010di nie?","description":"Ot\u00e1zka, \u010di na Vianoce kupova\u0165 mu\u017eovi v\u00fd\u017eivov\u00e9 doplnky, m\u00f4\u017ee by\u0165 rovnako vhodnou t\u00e9mou pre diskusn\u00e9 kr\u00fa\u017eky, ako rozoberanie pre.","datePublished":"2020-11-15","dateModified":"2023-12-05","author":{"@type":"Person","@id":"https:\/\/www.deson.sk\/author\/devene\/#Person","name":"devene","url":"https:\/\/www.deson.sk\/author\/devene\/","identifier":1,"image":{"@type":"ImageObject","@id":"https:\/\/secure.gravatar.com\/avatar\/75822ebcb33f26a58f54da5d813b950f2ea435f36540e293975e215a51d4a023?s=96&d=mm&r=g","url":"https:\/\/secure.gravatar.com\/avatar\/75822ebcb33f26a58f54da5d813b950f2ea435f36540e293975e215a51d4a023?s=96&d=mm&r=g","height":96,"width":96}},"publisher":{"@type":"Organization","name":"deson.sk","logo":{"@type":"ImageObject","@id":"\/logo.png","url":"\/logo.png","width":600,"height":60}},"image":{"@type":"ImageObject","@id":"https:\/\/www.deson.sk\/wp-content\/uploads\/Sexi_christmas.jpg","url":"https:\/\/www.deson.sk\/wp-content\/uploads\/Sexi_christmas.jpg","height":0,"width":0},"url":"https:\/\/www.deson.sk\/generikum-ako-darcek-ano-ci-nie\/","about":["Spolo\u010dnos\u0165"],"wordCount":396,"articleBody":" Ot\u00e1zka, \u010di na Vianoce kupova\u0165 mu\u017eovi v\u00fd\u017eivov\u00e9 doplnky, m\u00f4\u017ee by\u0165 rovnako vhodnou t\u00e9mou pre diskusn\u00e9 kr\u00fa\u017eky, ako rozoberanie pre a proti na kontroverzn\u00e9 t\u00e9my typu interrupcia, \u010di trest smrti. Tento dar\u010dek je proste risk, tak ako to z\u00e1rove\u0148 m\u00f4\u017ee by\u0165 aj zisk pre obe strany. Ak sa s man\u017eelom ani po 20 rokoch st\u00e1le dobre nepozn\u00e1te a neviete presne odhadn\u00fa\u0165, \u010do ho pod strom\u010dekom pote\u0161\u00ed \u2013 rad\u0161ej mu k\u00fapte iba tie pono\u017eky. V opa\u010dnom pr\u00edpade riskujete mu\u017eove rozporupln\u00e9 reakcie. Aj jeho du\u0161a je krehk\u00e1 a m\u00f4\u017ee utrpie\u0165 rany. \u010co ke\u010f si s\u00e1m neuvedomuje, \u017ee za\u010d\u00edna ple\u0161atie\u0165, doplnky na rast vlasov ho zbyto\u010dne vyved\u00fa z harm\u00f3nie. Jeho sebavedomiu nedodaj\u00fa ani tabletky na k\u013aby. Aj ke\u010f do seniorsk\u00e9ho veku u\u017e veru \u010faleko nem\u00e1. A o pr\u00edpravkoch na erekciu ani nehovor\u00edme. Nie ka\u017ed\u00fd si m\u00f4\u017ee dopria\u0165 luxus tr\u00e1venia sviatkov vo dvojici. \u010co ke\u010f sa deti bud\u00fa p\u00fdta\u0165, ak\u00e9 cukr\u00edky ocko dostal, \u010do ke\u010f na n\u00e1v\u0161tevu pr\u00eddu svokrovci? Vianoce s\u00fa\u010dasnosti s\u00fa aj vec verejn\u00e1. Ak sa neodfot\u00ed\u0161 s dar\u010dekom na Instagram, akoby si \u017eiaden ani nedostal. V ide\u00e1lnom scen\u00e1ri by si man\u017eel bal\u00edk otvoril, vysk\u00fa\u0161al a v ten moment by sa na v\u00e1s vrhol aj tam pod t\u00fdm strom\u010dekom. Takto mu mus\u00edte pr\u00edpravok na erekciu asi u\u017e len zabali\u0165 do pono\u017eky.Nemali by ste sa v\u0161ak hne\u010f vzd\u00e1va\u0165 bez boja. Sviatky s\u00fa len raz do roka a kedy si vychutna\u0165 p\u00e1r dn\u00ed vo\u013ena, ke\u010f nie teraz? M\u00e1me pre v\u00e1s jedno skvel\u00e9 rie\u0161enie. Valif Oral Jelly. Nie, nem\u00fd\u013ete si ho s Valiom, ten s\u00edce mo\u017eno budete tie\u017e potrebova\u0165. Valif Oral Jelly je generikum lieku Levitra. \u00da\u010dinne p\u00f4sob\u00ed na v\u0161etky probl\u00e9my s erekciou a t\u00fdm, ktor\u00ed probl\u00e9m nemaj\u00fa, erekciu e\u0161te viac podpor\u00ed. U\u017e\u00edvajte si n\u00e1sledne a\u017e do 5 hod\u00edn. Vyr\u00e1ba sa vo forme g\u00e9lu, tak\u017ee ho k\u013eudne m\u00f4\u017eete nen\u00e1padn\u00fdm sp\u00f4sobom prida\u0165 man\u017eelovi do ve\u010dere. Ale pozor, Valif Oral Jelly \u00fa\u010dinkuje o 10 a\u017e 15 min\u00fat, budete sa preto musie\u0165 s ve\u010derou popon\u00e1h\u013ea\u0165.                                                                                                                                                                                                                                                                                                                                                                                                 "},{"@context":"https:\/\/schema.org\/","@type":"BreadcrumbList","itemListElement":[{"@type":"ListItem","position":1,"name":"Generikum ako dar\u010dek &#8211; \u00e1no \u010di nie?","item":"https:\/\/www.deson.sk\/generikum-ako-darcek-ano-ci-nie\/#breadcrumbitem"}]}]