[{"@context":"https:\/\/schema.org\/","@type":"Article","@id":"https:\/\/www.deson.sk\/denim-kusky\/#Article","mainEntityOfPage":"https:\/\/www.deson.sk\/denim-kusky\/","headline":"Denim k\u00fasky","name":"Denim k\u00fasky","description":"Tu sa najviac zara\u010fuje rif\u013eov\u00e1 bunda, ktor\u00fa nenosia len t\u00edned\u017eeri ale i \u017eeny. Ke\u010f sa pozriete nav\u00f4kol, nem\u00e1 ka\u017ed\u00fd.","datePublished":"2019-05-25","dateModified":"2019-05-25","author":{"@type":"Person","@id":"https:\/\/www.deson.sk\/author\/devene\/#Person","name":"devene","url":"https:\/\/www.deson.sk\/author\/devene\/","identifier":1,"image":{"@type":"ImageObject","@id":"https:\/\/secure.gravatar.com\/avatar\/75822ebcb33f26a58f54da5d813b950f2ea435f36540e293975e215a51d4a023?s=96&d=mm&r=g","url":"https:\/\/secure.gravatar.com\/avatar\/75822ebcb33f26a58f54da5d813b950f2ea435f36540e293975e215a51d4a023?s=96&d=mm&r=g","height":96,"width":96}},"publisher":{"@type":"Organization","name":"deson.sk","logo":{"@type":"ImageObject","@id":"\/logo.png","url":"\/logo.png","width":600,"height":60}},"image":{"@type":"ImageObject","@id":"https:\/\/www.deson.sk\/wp-content\/uploads\/img_a303391_w16848_t1563989377.jpg","url":"https:\/\/www.deson.sk\/wp-content\/uploads\/img_a303391_w16848_t1563989377.jpg","height":0,"width":0},"url":"https:\/\/www.deson.sk\/denim-kusky\/","wordCount":394,"articleBody":"Tu sa najviac zara\u010fuje rif\u013eov\u00e1 bunda, ktor\u00fa nenosia len t\u00edned\u017eeri ale i \u017eeny. Ke\u010f sa pozriete nav\u00f4kol, nem\u00e1 ka\u017ed\u00fd len ten klasick\u00fd \u0161t\u00fdl. Dnes sa pred\u00e1vaj\u00fa v r\u00f4znych farb\u00e1ch s n\u00e1pismi alebo obr\u00e1zkami, ba dokonca si na nich v\u00e4\u010d\u0161ina \u013eud\u00ed, resp. t\u00edned\u017eerov nech\u00e1 nama\u013eova\u0165 to, \u010do chce. S\u00fa aj tak\u00e9, ktor\u00e9 maj\u00fa vlastn\u00fa zna\u010dku a s\u00fa o \u010dosi drah\u0161ie ako tie klasick\u00e9, no vyzeraj\u00fa skvelo. S\u00fa\u010dasne len \u0165a\u017eko natraf\u00edte na obchod, v ktorom by sa nevyskytlarif\u013eovka.Rif\u013eov\u00e9 suknes\u00fa taktie\u017e trendom a kr\u00e1sne vynikaj\u00fa na postave. Potom s\u00fa tu traky, ktor\u00e9 s\u00fa naj\u010dastej\u0161ie modr\u00e9 s mierne potrhan\u00fdmi dierami alebo s n\u00e1\u0161ivkami a taktie\u017e im nem\u00f4\u017ee ch\u00fdba\u0165 predn\u00e9 vrecko. Ak s\u00fa vpredu vo\u013en\u00e9, sta\u010d\u00ed si ich \u013eahko stiahnu\u0165. Tzv. boyfriend jeans s\u00fa na sp\u00f4sob vo\u013enej\u0161\u00edch rifl\u00ed, ktor\u00e9 s\u00fa ur\u010den\u00e9 pre v\u0161etky typy post\u00e1v.\u0160u\u0161\u0165\u00e1kov\u00e9 s\u00fapravy Tie v 90. rokoch nech\u00fdbali naozaj nikomu.Bundymali r\u00f4zne farby a dokonca boli spojen\u00e9 aj tak\u00e9, ktor\u00e9 sa k sebe ve\u013emi nehodili a preb\u00edjali sa, ako napr\u00edklad staro ru\u017eov\u00e1 s tyrkysovo zelenou. Na po\u010dudovanie sa to tak\u00e9 nosia aj dnes a vyzer\u00e1 to pod\u013ea m\u0148a dos\u0165 dobre. Pre \u013eud\u00ed, ktor\u00ed nemaj\u00fa ve\u013emi radi tak\u00fdto \u201cstar\u00fd\u201d \u0161t\u00fdl existuj\u00fa aj zna\u010dkov\u00e9 \u0161u\u0161tiakov\u00e9 bundy a to naj\u010dastej\u0161ie nike a adidas.Nohavices\u00fa dnes r\u00f4zne vyroben\u00e9 a maj\u00fa modernej\u0161\u00ed vzh\u013ead. Nenosia sa len do da\u017e\u010fa, ale aj na such\u00e9 po\u010dasia.\u013dadvinky Viac sa vyskytuj\u00fa u\u017e len u mlad\u00fdch \u013eud\u00ed, ako u t\u00fdch star\u0161\u00edch. Nenosia sa len na \u013eadvin\u00e1ch ale najnov\u0161ie aj cez rameno, preto\u017ee je to vraj \u0161t\u00fdlovej\u0161ie. Taktie\u017e s\u00fa roben\u00e9 na r\u00f4zne sp\u00f4soby &#8211; sfarbenia, mot\u00edvy. Nu\u017e, je toho ve\u013emi ve\u013ea. Svietiace top\u00e1nky, vo\u013en\u00e9 nohavice, ktor\u00e9 vyzeraj\u00fa ako py\u017eamo, dlh\u00e9 pono\u017eky so \u0161ialen\u00fdmi farbami a mnoho \u010fal\u0161\u00edch&#8230; M\u00f4j n\u00e1zor na dne\u0161n\u00fa m\u00f3du m\u00f4\u017ee by\u0165 len pozit\u00edvny, preto\u017ee ja sama nos\u00edm niektor\u00e9 zo spom\u00ednan\u00fdch k\u00faskov a ur\u010dite nechcem, aby t\u00e1to m\u00f3da tak r\u00fdchlo skon\u010dila.                                                                                                                                                                                                                                                                                                                                                                                                "},{"@context":"https:\/\/schema.org\/","@type":"BreadcrumbList","itemListElement":[{"@type":"ListItem","position":1,"name":"Denim k\u00fasky","item":"https:\/\/www.deson.sk\/denim-kusky\/#breadcrumbitem"}]}]